{"id":1135,"__str__":"Indica\u00e7\u00e3o n\u00ba 1 de 2026","link_detail_backend":"/materia/1135","metadata":{"signs":{"texto_original":{"admin":[],"autores":[["Tarcisio Pessoa Depolo",["2026-02-09T09:58:30-03:00","ICP-Brasil - AC SyngularID Multipla"]]]}}},"numero":1,"ano":2026,"numero_protocolo":289,"data_apresentacao":"2026-02-10","tipo_apresentacao":"","data_publicacao":null,"numero_origem_externa":"","ano_origem_externa":null,"data_origem_externa":null,"apelido":"","dias_prazo":null,"data_fim_prazo":null,"em_tramitacao":true,"polemica":false,"objeto":"","complementar":false,"ementa":"Solicita ao Poder Executivo que sejam realizados servi\u00e7os de revitaliza\u00e7\u00e3o, manuten\u00e7\u00e3o e adequa\u00e7\u00e3o das faixas elevadas para travessia de pedestres existentes no Munic\u00edpio de Montanha/ES.","indexacao":"","observacao":"","resultado":"","texto_original":"http://sapl.montanha.es.leg.br/media/sapl/public/materialegislativa/2026/1135/2._pedido_de_indicacao_-_revitalizacao_faixas.pdf","data_ultima_atualizacao":"2026-02-26T07:35:34.247244-03:00","ip":"","ultima_edicao":null,"tipo":10,"regime_tramitacao":1,"tipo_origem_externa":null,"local_origem_externa":null,"user":null,"anexadas":[],"autores":[27]}