{"id":1139,"__str__":"Indica\u00e7\u00e3o n\u00ba 3 de 2026","link_detail_backend":"/materia/1139","metadata":{"signs":{"texto_original":{"admin":[],"autores":[["Maine Alves Brito",["2026-02-19T11:19:04-03:00","Gov-Br"]]]}}},"numero":3,"ano":2026,"numero_protocolo":307,"data_apresentacao":"2026-02-23","tipo_apresentacao":"","data_publicacao":null,"numero_origem_externa":"","ano_origem_externa":null,"data_origem_externa":null,"apelido":"","dias_prazo":null,"data_fim_prazo":null,"em_tramitacao":true,"polemica":false,"objeto":"","complementar":false,"ementa":"Disp\u00f5e sobre a necessidade de padroniza\u00e7\u00e3o de uniforme e identifica\u00e7\u00e3o funcional para os vigias do Munic\u00edpio, visando garantir maior seguran\u00e7a, organiza\u00e7\u00e3o e reconhecimento no exerc\u00edcio de suas fun\u00e7\u00f5es.","indexacao":"","observacao":"","resultado":"","texto_original":"http://sapl.montanha.es.leg.br/media/sapl/public/materialegislativa/2026/1139/indicacao_-_vigias_uniformizados_assinado.pdf","data_ultima_atualizacao":"2026-03-05T07:40:25.863841-03:00","ip":"","ultima_edicao":null,"tipo":10,"regime_tramitacao":1,"tipo_origem_externa":null,"local_origem_externa":null,"user":null,"anexadas":[],"autores":[22]}