{"id":1146,"__str__":"Parecer Conjunto n\u00ba 1 de 2026","link_detail_backend":"/materia/1146","metadata":{},"numero":1,"ano":2026,"numero_protocolo":null,"data_apresentacao":"2026-02-24","tipo_apresentacao":"","data_publicacao":null,"numero_origem_externa":"","ano_origem_externa":null,"data_origem_externa":null,"apelido":"","dias_prazo":null,"data_fim_prazo":null,"em_tramitacao":false,"polemica":false,"objeto":"","complementar":false,"ementa":"Parecer Conjunto n\u00ba 01/2026, emitido pelas Comiss\u00f5es Permanentes de Legisla\u00e7\u00e3o, Justi\u00e7a e Reda\u00e7\u00e3o Final; Educa\u00e7\u00e3o, Sa\u00fade e Assist\u00eancia e de Direito \u00e0 Diversidade Sexual e a Identidade de G\u00eanero; e de Finan\u00e7as e Or\u00e7amentos, pela APROVA\u00c7\u00c3O do Projeto de Lei Ordin\u00e1ria do Executivo n\u00ba 02/2026.","indexacao":"","observacao":"","resultado":"","texto_original":"http://sapl.montanha.es.leg.br/media/sapl/public/materialegislativa/2026/1146/parecer_conjunto_-_pl_02-26.pdf","data_ultima_atualizacao":"2026-03-05T07:41:21.995039-03:00","ip":"177.190.186.20","ultima_edicao":"2026-02-25T11:27:49.369495-03:00","tipo":41,"regime_tramitacao":1,"tipo_origem_externa":null,"local_origem_externa":null,"user":2,"anexadas":[],"autores":[39]}