{"id":1147,"__str__":"Reda\u00e7\u00e3o Final n\u00ba 1 de 2026","link_detail_backend":"/materia/1147","metadata":{"signs":{"texto_original":{"admin":[],"autores":[["Natalia de Moraes Lima",["2026-02-25T15:27:29-03:00","ICP-Brasil - Certificado PF A3"]]]}}},"numero":1,"ano":2026,"numero_protocolo":320,"data_apresentacao":"2026-02-25","tipo_apresentacao":"E","data_publicacao":null,"numero_origem_externa":"","ano_origem_externa":null,"data_origem_externa":null,"apelido":"","dias_prazo":null,"data_fim_prazo":null,"em_tramitacao":false,"polemica":false,"objeto":"","complementar":false,"ementa":"REDA\u00c7\u00c3O FINAL DO PROJETO DE LEI N\u00ba 02/2026, QUE DISP\u00d5E SOBRE A ATUALIZA\u00c7\u00c3O DA TABELA DE VENCIMENTOS DO MAGIST\u00c9RIO P\u00daBLICO DA EDUCA\u00c7\u00c3O B\u00c1SICA DO MUNIC\u00cdPIO DE MONTANHA, ESTADO DO ESP\u00cdRITO SANTO.","indexacao":"","observacao":"","resultado":"","texto_original":"http://sapl.montanha.es.leg.br/media/sapl/public/materialegislativa/2026/1147/1_-_redacao_final_do_projeto_de_lei_no_02_2026.pdf","data_ultima_atualizacao":"2026-02-26T07:30:51.242939-03:00","ip":"177.190.186.20","ultima_edicao":"2026-02-25T15:43:17.044632-03:00","tipo":27,"regime_tramitacao":1,"tipo_origem_externa":null,"local_origem_externa":null,"user":20,"anexadas":[],"autores":[34]}