{"id":1160,"__str__":"Indica\u00e7\u00e3o n\u00ba 9 de 2026","link_detail_backend":"/materia/1160","metadata":{"signs":{"texto_original":{"admin":[],"autores":[["Adivaldo Rodrigues de Souza",["2026-03-09T11:37:59-03:00","ICP-Brasil - AC SyngularID Multipla"]]]}}},"numero":9,"ano":2026,"numero_protocolo":353,"data_apresentacao":"2026-03-09","tipo_apresentacao":"E","data_publicacao":null,"numero_origem_externa":"","ano_origem_externa":null,"data_origem_externa":null,"apelido":"","dias_prazo":null,"data_fim_prazo":null,"em_tramitacao":true,"polemica":false,"objeto":"","complementar":false,"ementa":"Que, por meio da Secretaria Municipal de Sa\u00fade, sejam realizados estudos t\u00e9cnicos e posteriormente a constru\u00e7\u00e3o de uma Unidade de Estrat\u00e9gia Sa\u00fade da Fam\u00edlia (ESF) na parte baixa da cidade, com o objetivo de atender de forma mais adequada os moradores dos bairros Fund\u00e3o e Lajedo.","indexacao":"","observacao":"","resultado":"","texto_original":"http://sapl.montanha.es.leg.br/media/sapl/public/materialegislativa/2026/1160/5_-_indicacao_-_esf_no_fundao_e_lajedo.pdf","data_ultima_atualizacao":"2026-03-23T12:58:55.964362-03:00","ip":"177.190.186.20","ultima_edicao":"2026-03-09T11:54:40.793962-03:00","tipo":10,"regime_tramitacao":1,"tipo_origem_externa":null,"local_origem_externa":null,"user":2,"anexadas":[],"autores":[16]}