{"id":1214,"__str__":"Indica\u00e7\u00e3o n\u00ba 26 de 2026","link_detail_backend":"/materia/1214","metadata":{"signs":{"texto_original":{"admin":[],"autores":[["Tarcisio Pessoa Depolo",["2026-04-22T10:28:26-03:00","ICP-Brasil - AC SyngularID Multipla"]]]}}},"numero":26,"ano":2026,"numero_protocolo":479,"data_apresentacao":"2026-04-23","tipo_apresentacao":"","data_publicacao":null,"numero_origem_externa":"","ano_origem_externa":null,"data_origem_externa":null,"apelido":"","dias_prazo":null,"data_fim_prazo":null,"em_tramitacao":true,"polemica":false,"objeto":"","complementar":false,"ementa":"Que seja regulamentada a jornada de trabalho no regime de 24x72 para os motoristas que atuam na condu\u00e7\u00e3o de ambul\u00e2ncias no \u00e2mbito da rede municipal de sa\u00fade.","indexacao":"","observacao":"","resultado":"","texto_original":"http://sapl.montanha.es.leg.br/media/sapl/public/materialegislativa/2026/1214/8._pedido_de_indicacao_-_jornada_de_trabalho_motorista.pdf","data_ultima_atualizacao":"2026-04-24T08:22:20.596315-03:00","ip":"","ultima_edicao":null,"tipo":10,"regime_tramitacao":1,"tipo_origem_externa":null,"local_origem_externa":null,"user":null,"anexadas":[],"autores":[27]}