{"id":18,"__str__":"GIOVANI DA GR\u00c1FICA (2\u00ba orador)","link_detail_backend":"/sessao/orador/18","metadata":{},"numero_ordem":2,"url_discurso":"","observacao":"O vereador alertou sobre poss\u00edvel desvio de fun\u00e7\u00e3o existente na Chefia de Gabinete do Poder Executivo e afirmou a necessidade de apurar essa situa\u00e7\u00e3o.","upload_anexo":null,"sessao_plenaria":177,"parlamentar":49}